{"id":34770,"date":"2021-09-13T07:32:36","date_gmt":"2021-09-13T07:32:36","guid":{"rendered":"https:\/\/www.mobles114.com\/?p=34770"},"modified":"2021-09-21T07:10:41","modified_gmt":"2021-09-21T07:10:41","slug":"le-design-honnete-de-la-lampe-fil","status":"publish","type":"post","link":"https:\/\/www.mobles114.com\/fr\/le-design-honnete-de-la-lampe-fil\/","title":{"rendered":"Le design honn\u00eate de la lampe Fil"},"content":{"rendered":"\n<div class=\"wp-block-image\"><figure class=\"aligncenter size-large is-resized\"><img loading=\"lazy\" decoding=\"async\" src=\"https:\/\/www.mobles114.com\/wp-content\/uploads\/2021\/09\/m114-classics-light-alvaro-siza-Fil-loc-HR-n11.jpg\" alt=\"\" class=\"wp-image-34666\" width=\"326\" height=\"488\" srcset=\"https:\/\/www.mobles114.com\/wp-content\/uploads\/2021\/09\/m114-classics-light-alvaro-siza-Fil-loc-HR-n11.jpg 1280w, https:\/\/www.mobles114.com\/wp-content\/uploads\/2021\/09\/m114-classics-light-alvaro-siza-Fil-loc-HR-n11-768x1152.jpg 768w, https:\/\/www.mobles114.com\/wp-content\/uploads\/2021\/09\/m114-classics-light-alvaro-siza-Fil-loc-HR-n11-1024x1536.jpg 1024w\" sizes=\"auto, (max-width: 326px) 100vw, 326px\" \/><\/figure><\/div>\n\n\n\n<div style=\"height:20px\" aria-hidden=\"true\" class=\"wp-block-spacer\"><\/div>\n\n\n\n<p>Si chaque b\u00e2timent raconte une histoire sur la ville dans laquelle il est construit, chaque lampe r\u00e9v\u00e8le la relation que le dessinateur entretient avec la lumi\u00e8re.<\/p>\n\n\n\n<div style=\"height:20px\" aria-hidden=\"true\" class=\"wp-block-spacer\"><\/div>\n\n\n\n<p>Fil, le projet con\u00e7u par \u00c1lvaro Siza Vieira en 1991 un an avant de gagner le prix Pritzker,\u00a0montre la perception de la lumi\u00e8re par l&rsquo;architecte : un \u00e9l\u00e9ment de plus du design. Dans ses \u0153uvres, Siza consid\u00e8re l&#8217;emplacement ou la forme des ouvertures du b\u00e2timent en fonction des besoins de l&rsquo;espace, une id\u00e9e bas\u00e9e sur la r\u00e9flexion de Frank Lloyd Wright sur la beaut\u00e9 d&rsquo;un b\u00e2timent sans fen\u00eatres.<\/p>\n\n\n\n<div style=\"height:20px\" aria-hidden=\"true\" class=\"wp-block-spacer\"><\/div>\n\n\n\n<p>Cette fa\u00e7on de concevoir la lumi\u00e8re dans tout son spectre, comme s&rsquo;il s&rsquo;agissait d&rsquo;un mat\u00e9riau ou d&rsquo;un \u00e9l\u00e9ment de construction comme les autres, est extrapol\u00e9e par Siza \u00e0 la petite \u00e9chelle avec la lampe Fil, pr\u00e9sentant un design simple qui se concentre sur la fonction pour laquelle elle a \u00e9t\u00e9 con\u00e7ue : \u00e9clairer.<\/p>\n\n\n\n<div style=\"height:20px\" aria-hidden=\"true\" class=\"wp-block-spacer\"><\/div>\n\n\n\n<figure class=\"wp-block-image size-large\"><img loading=\"lazy\" decoding=\"async\" width=\"1043\" height=\"460\" src=\"https:\/\/www.mobles114.com\/wp-content\/uploads\/2021\/09\/alvaro-siza-vieira-photo-sld00.jpg\" alt=\"\" class=\"wp-image-34671\" srcset=\"https:\/\/www.mobles114.com\/wp-content\/uploads\/2021\/09\/alvaro-siza-vieira-photo-sld00.jpg 1043w, https:\/\/www.mobles114.com\/wp-content\/uploads\/2021\/09\/alvaro-siza-vieira-photo-sld00-768x339.jpg 768w\" sizes=\"auto, (max-width: 1043px) 100vw, 1043px\" \/><\/figure>\n\n\n\n<div style=\"height:20px\" aria-hidden=\"true\" class=\"wp-block-spacer\"><\/div>\n\n\n\n<p>C&rsquo;est ainsi que l&rsquo;architecte pr\u00e9sente une lampe de table fonctionnelle en acier inoxydable qui pr\u00e9sente une structure minimale, d\u00e9pouill\u00e9e d&rsquo;ornements et inspir\u00e9e de l&rsquo;\u00e9volution des anciennes lampes m\u00e9talliques qui incorporaient un abat-jour pour \u00e9viter les reflets.<\/p>\n\n\n\n<div style=\"height:20px\" aria-hidden=\"true\" class=\"wp-block-spacer\"><\/div>\n\n\n\n<p>Compos\u00e9 des \u00e9l\u00e9ments essentiels qui forment une lampe \u00e9lectrique (un support, le c\u00e2ble \u00e9lectrique avec l&rsquo;ampoule et un abat-jour), Siza a sign\u00e9 ce design radicalement honn\u00eate qui fait partie du catalogue des classiques de Mobles114.<\/p>\n\n\n\n<div style=\"height:20px\" aria-hidden=\"true\" class=\"wp-block-spacer\"><\/div>\n\n\n\n<figure class=\"wp-block-image size-large\"><img loading=\"lazy\" decoding=\"async\" width=\"1720\" height=\"1156\" src=\"https:\/\/www.mobles114.com\/wp-content\/uploads\/2021\/09\/fil_loca2-1.jpg\" alt=\"\" class=\"wp-image-34765\" srcset=\"https:\/\/www.mobles114.com\/wp-content\/uploads\/2021\/09\/fil_loca2-1.jpg 1720w, https:\/\/www.mobles114.com\/wp-content\/uploads\/2021\/09\/fil_loca2-1-768x516.jpg 768w, https:\/\/www.mobles114.com\/wp-content\/uploads\/2021\/09\/fil_loca2-1-1536x1032.jpg 1536w\" sizes=\"auto, (max-width: 1720px) 100vw, 1720px\" \/><\/figure>\n\n\n\n<div style=\"height:20px\" aria-hidden=\"true\" class=\"wp-block-spacer\"><\/div>\n\n\n\n<p>Des ann\u00e9es plus tard, en 2017, l&rsquo;architecte Eduardo Souto de Moura a rappel\u00e9, comme s&rsquo;il s&rsquo;agissait d&rsquo;un chapitre d\u2019<em>\u00c9loge de l&rsquo;ombre<\/em> de Tanizaki, comment la lampe \u00e9voquait ses premiers souvenirs de lumi\u00e8re : \u00ab\u00a0Avant l&rsquo;\u00e9lectricit\u00e9, dans la maison de mes grands-parents, il y avait des lampes \u00e0 huile, dont la flamme \u00e9tait prot\u00e9g\u00e9e de l&rsquo;avant par une plaque rectangulaire. Le r\u00e9sultat \u00e9tait une lumi\u00e8re indirecte qui se refl\u00e9tait sur le mur, ce qui a toujours plu \u00e0 l&rsquo;architecte \u00c1lvaro Siza\u00a0\u00bb.<\/p>\n\n\n\n<div style=\"height:20px\" aria-hidden=\"true\" class=\"wp-block-spacer\"><\/div>\n\n\n\n<hr class=\"wp-block-separator\"\/>\n\n\n\n<p style=\"font-size:14px\"><em>Antes de haver luz el\u00e9ctrica, havia em casa dos meus av\u00f3s umas lamparinas que funcionavam com azeite, e cuja chama era protegida frontalmente por uma placa rect\u00e2ngular. O resultado era uma luz indirecta reflectida na parede, facto que agradou desde sempre ao Arq\u00ba \u00c1lvaro Siza.<\/em><\/p>\n\n\n\n<p style=\"font-size:14px\"><em>Siza, parte sempre para um desenho novo a partir de algo anterior, pr\u00e9-existente, adequando-o \u00e0 circunst\u00e2ncia actual, com materiais, sistemas construtivos e linguagens diferentes. Siza, tal como na arquitectura, n\u00e3o desenha o \u201cnovo\u201d no vazio, mas redesenha sempre qualquer coisa que se perdeu e tem que ser ajustado ao nosso tempo, \u00e0 nossa cultura, da\u00ed o candeeiro Helena, da\u00ed a base da leve estrutura em a\u00e7o, ser um H.<\/em><\/p>\n\n\n\n<div style=\"height:15px\" aria-hidden=\"true\" class=\"wp-block-spacer\"><\/div>\n\n\n\n<p style=\"font-size:14px\"><em>Porto, 20 de Mar\u00e7o de 2017<\/em><\/p>\n\n\n\n<p style=\"font-size:14px\"><em>Eduardo Souto de Moura<\/em><\/p>\n\n\n\n<hr class=\"wp-block-separator\"\/>\n\n\n\n<div style=\"height:20px\" aria-hidden=\"true\" class=\"wp-block-spacer\"><\/div>\n\n\n\n<div style=\"height:20px\" aria-hidden=\"true\" class=\"wp-block-spacer\"><\/div>\n\n\n\n<p style=\"font-size:14px\">La photographie: Jara Varela (1), Meritxell Arjalaguer (3)<\/p>\n\n\n\n<div style=\"height:20px\" aria-hidden=\"true\" class=\"wp-block-spacer\"><\/div>\n\n\n\n<p><\/p>\n","protected":false},"excerpt":{"rendered":"<p>Si chaque b\u00e2timent raconte une histoire sur la ville dans laquelle il est construit, chaque lampe r\u00e9v\u00e8le la relation que &hellip;<\/p>\n","protected":false},"author":397,"featured_media":34683,"comment_status":"closed","ping_status":"closed","sticky":false,"template":"","format":"standard","meta":{"_acf_changed":false,"footnotes":""},"categories":[572],"tags":[573],"class_list":["post-34770","post","type-post","status-publish","format-standard","has-post-thumbnail","hentry","category-productes-fr","tag-fil-fr"],"acf":[],"yoast_head":"<!-- This site is optimized with the Yoast SEO plugin v27.3 - https:\/\/yoast.com\/product\/yoast-seo-wordpress\/ -->\n<title>Le design honn\u00eate de la lampe Fil \u2013 Actualit\u00e9 Mobles 114<\/title>\n<meta name=\"description\" content=\"Le design honn\u00eate de la lampe Fil. Toute l&#039;actualit\u00e9 \u00e0 Mobles 114\" \/>\n<meta name=\"robots\" content=\"index, follow, max-snippet:-1, max-image-preview:large, max-video-preview:-1\" \/>\n<link rel=\"canonical\" href=\"https:\/\/www.mobles114.com\/fr\/le-design-honnete-de-la-lampe-fil\/\" \/>\n<meta property=\"og:locale\" content=\"fr_FR\" \/>\n<meta property=\"og:type\" content=\"article\" \/>\n<meta property=\"og:title\" content=\"Le design honn\u00eate de la lampe Fil \u2013 Actualit\u00e9 Mobles 114\" \/>\n<meta property=\"og:description\" content=\"Le design honn\u00eate de la lampe Fil. Toute l&#039;actualit\u00e9 \u00e0 Mobles 114\" \/>\n<meta property=\"og:url\" content=\"https:\/\/www.mobles114.com\/fr\/le-design-honnete-de-la-lampe-fil\/\" \/>\n<meta property=\"og:site_name\" content=\"Mobles 114\" \/>\n<meta property=\"article:published_time\" content=\"2021-09-13T07:32:36+00:00\" \/>\n<meta property=\"article:modified_time\" content=\"2021-09-21T07:10:41+00:00\" \/>\n<meta property=\"og:image\" content=\"https:\/\/www.mobles114.com\/wp-content\/uploads\/2021\/09\/destacado-00.jpg\" \/>\n\t<meta property=\"og:image:width\" content=\"1660\" \/>\n\t<meta property=\"og:image:height\" content=\"1920\" \/>\n\t<meta property=\"og:image:type\" content=\"image\/jpeg\" \/>\n<meta name=\"author\" content=\"Adminmkt\" \/>\n<meta name=\"twitter:card\" content=\"summary_large_image\" \/>\n<meta name=\"twitter:label1\" content=\"\u00c9crit par\" \/>\n\t<meta name=\"twitter:data1\" content=\"Adminmkt\" \/>\n\t<meta name=\"twitter:label2\" content=\"Dur\u00e9e de lecture estim\u00e9e\" \/>\n\t<meta name=\"twitter:data2\" content=\"3 minutes\" \/>\n<script type=\"application\/ld+json\" class=\"yoast-schema-graph\">{\"@context\":\"https:\\\/\\\/schema.org\",\"@graph\":[{\"@type\":\"Article\",\"@id\":\"https:\\\/\\\/www.mobles114.com\\\/fr\\\/le-design-honnete-de-la-lampe-fil\\\/#article\",\"isPartOf\":{\"@id\":\"https:\\\/\\\/www.mobles114.com\\\/fr\\\/le-design-honnete-de-la-lampe-fil\\\/\"},\"author\":{\"name\":\"Adminmkt\",\"@id\":\"https:\\\/\\\/www.mobles114.com\\\/fr\\\/#\\\/schema\\\/person\\\/80910f4122aa667b5773f76410bb8c5e\"},\"headline\":\"Le design honn\u00eate de la lampe Fil\",\"datePublished\":\"2021-09-13T07:32:36+00:00\",\"dateModified\":\"2021-09-21T07:10:41+00:00\",\"mainEntityOfPage\":{\"@id\":\"https:\\\/\\\/www.mobles114.com\\\/fr\\\/le-design-honnete-de-la-lampe-fil\\\/\"},\"wordCount\":492,\"image\":{\"@id\":\"https:\\\/\\\/www.mobles114.com\\\/fr\\\/le-design-honnete-de-la-lampe-fil\\\/#primaryimage\"},\"thumbnailUrl\":\"https:\\\/\\\/www.mobles114.com\\\/wp-content\\\/uploads\\\/2021\\\/09\\\/destacado-00.jpg\",\"keywords\":[\"fil\"],\"articleSection\":[\"Productes\"],\"inLanguage\":\"fr-FR\"},{\"@type\":\"WebPage\",\"@id\":\"https:\\\/\\\/www.mobles114.com\\\/fr\\\/le-design-honnete-de-la-lampe-fil\\\/\",\"url\":\"https:\\\/\\\/www.mobles114.com\\\/fr\\\/le-design-honnete-de-la-lampe-fil\\\/\",\"name\":\"Le design honn\u00eate de la lampe Fil \u2013 Actualit\u00e9 Mobles 114\",\"isPartOf\":{\"@id\":\"https:\\\/\\\/www.mobles114.com\\\/fr\\\/#website\"},\"primaryImageOfPage\":{\"@id\":\"https:\\\/\\\/www.mobles114.com\\\/fr\\\/le-design-honnete-de-la-lampe-fil\\\/#primaryimage\"},\"image\":{\"@id\":\"https:\\\/\\\/www.mobles114.com\\\/fr\\\/le-design-honnete-de-la-lampe-fil\\\/#primaryimage\"},\"thumbnailUrl\":\"https:\\\/\\\/www.mobles114.com\\\/wp-content\\\/uploads\\\/2021\\\/09\\\/destacado-00.jpg\",\"datePublished\":\"2021-09-13T07:32:36+00:00\",\"dateModified\":\"2021-09-21T07:10:41+00:00\",\"author\":{\"@id\":\"https:\\\/\\\/www.mobles114.com\\\/fr\\\/#\\\/schema\\\/person\\\/80910f4122aa667b5773f76410bb8c5e\"},\"description\":\"Le design honn\u00eate de la lampe Fil. Toute l'actualit\u00e9 \u00e0 Mobles 114\",\"breadcrumb\":{\"@id\":\"https:\\\/\\\/www.mobles114.com\\\/fr\\\/le-design-honnete-de-la-lampe-fil\\\/#breadcrumb\"},\"inLanguage\":\"fr-FR\",\"potentialAction\":[{\"@type\":\"ReadAction\",\"target\":[\"https:\\\/\\\/www.mobles114.com\\\/fr\\\/le-design-honnete-de-la-lampe-fil\\\/\"]}]},{\"@type\":\"ImageObject\",\"inLanguage\":\"fr-FR\",\"@id\":\"https:\\\/\\\/www.mobles114.com\\\/fr\\\/le-design-honnete-de-la-lampe-fil\\\/#primaryimage\",\"url\":\"https:\\\/\\\/www.mobles114.com\\\/wp-content\\\/uploads\\\/2021\\\/09\\\/destacado-00.jpg\",\"contentUrl\":\"https:\\\/\\\/www.mobles114.com\\\/wp-content\\\/uploads\\\/2021\\\/09\\\/destacado-00.jpg\",\"width\":1660,\"height\":1920,\"caption\":\"dise\u00f1o l\u00e1mpara\"},{\"@type\":\"BreadcrumbList\",\"@id\":\"https:\\\/\\\/www.mobles114.com\\\/fr\\\/le-design-honnete-de-la-lampe-fil\\\/#breadcrumb\",\"itemListElement\":[{\"@type\":\"ListItem\",\"position\":1,\"name\":\"Portada\",\"item\":\"https:\\\/\\\/www.mobles114.com\\\/fr\\\/\"},{\"@type\":\"ListItem\",\"position\":2,\"name\":\"Le design honn\u00eate de la lampe Fil\"}]},{\"@type\":\"WebSite\",\"@id\":\"https:\\\/\\\/www.mobles114.com\\\/fr\\\/#website\",\"url\":\"https:\\\/\\\/www.mobles114.com\\\/fr\\\/\",\"name\":\"Mobles 114\",\"description\":\"Mobiliario de dise\u00f1o\",\"potentialAction\":[{\"@type\":\"SearchAction\",\"target\":{\"@type\":\"EntryPoint\",\"urlTemplate\":\"https:\\\/\\\/www.mobles114.com\\\/fr\\\/?s={search_term_string}\"},\"query-input\":{\"@type\":\"PropertyValueSpecification\",\"valueRequired\":true,\"valueName\":\"search_term_string\"}}],\"inLanguage\":\"fr-FR\"},{\"@type\":\"Person\",\"@id\":\"https:\\\/\\\/www.mobles114.com\\\/fr\\\/#\\\/schema\\\/person\\\/80910f4122aa667b5773f76410bb8c5e\",\"name\":\"Adminmkt\",\"image\":{\"@type\":\"ImageObject\",\"inLanguage\":\"fr-FR\",\"@id\":\"https:\\\/\\\/secure.gravatar.com\\\/avatar\\\/5f9b5f3dad072697560f52a7158c173c6db5254235578e2add7039249b62f497?s=96&d=mm&r=g\",\"url\":\"https:\\\/\\\/secure.gravatar.com\\\/avatar\\\/5f9b5f3dad072697560f52a7158c173c6db5254235578e2add7039249b62f497?s=96&d=mm&r=g\",\"contentUrl\":\"https:\\\/\\\/secure.gravatar.com\\\/avatar\\\/5f9b5f3dad072697560f52a7158c173c6db5254235578e2add7039249b62f497?s=96&d=mm&r=g\",\"caption\":\"Adminmkt\"}}]}<\/script>\n<!-- \/ Yoast SEO plugin. -->","yoast_head_json":{"title":"Le design honn\u00eate de la lampe Fil \u2013 Actualit\u00e9 Mobles 114","description":"Le design honn\u00eate de la lampe Fil. Toute l'actualit\u00e9 \u00e0 Mobles 114","robots":{"index":"index","follow":"follow","max-snippet":"max-snippet:-1","max-image-preview":"max-image-preview:large","max-video-preview":"max-video-preview:-1"},"canonical":"https:\/\/www.mobles114.com\/fr\/le-design-honnete-de-la-lampe-fil\/","og_locale":"fr_FR","og_type":"article","og_title":"Le design honn\u00eate de la lampe Fil \u2013 Actualit\u00e9 Mobles 114","og_description":"Le design honn\u00eate de la lampe Fil. Toute l'actualit\u00e9 \u00e0 Mobles 114","og_url":"https:\/\/www.mobles114.com\/fr\/le-design-honnete-de-la-lampe-fil\/","og_site_name":"Mobles 114","article_published_time":"2021-09-13T07:32:36+00:00","article_modified_time":"2021-09-21T07:10:41+00:00","og_image":[{"width":1660,"height":1920,"url":"https:\/\/www.mobles114.com\/wp-content\/uploads\/2021\/09\/destacado-00.jpg","type":"image\/jpeg"}],"author":"Adminmkt","twitter_card":"summary_large_image","twitter_misc":{"\u00c9crit par":"Adminmkt","Dur\u00e9e de lecture estim\u00e9e":"3 minutes"},"schema":{"@context":"https:\/\/schema.org","@graph":[{"@type":"Article","@id":"https:\/\/www.mobles114.com\/fr\/le-design-honnete-de-la-lampe-fil\/#article","isPartOf":{"@id":"https:\/\/www.mobles114.com\/fr\/le-design-honnete-de-la-lampe-fil\/"},"author":{"name":"Adminmkt","@id":"https:\/\/www.mobles114.com\/fr\/#\/schema\/person\/80910f4122aa667b5773f76410bb8c5e"},"headline":"Le design honn\u00eate de la lampe Fil","datePublished":"2021-09-13T07:32:36+00:00","dateModified":"2021-09-21T07:10:41+00:00","mainEntityOfPage":{"@id":"https:\/\/www.mobles114.com\/fr\/le-design-honnete-de-la-lampe-fil\/"},"wordCount":492,"image":{"@id":"https:\/\/www.mobles114.com\/fr\/le-design-honnete-de-la-lampe-fil\/#primaryimage"},"thumbnailUrl":"https:\/\/www.mobles114.com\/wp-content\/uploads\/2021\/09\/destacado-00.jpg","keywords":["fil"],"articleSection":["Productes"],"inLanguage":"fr-FR"},{"@type":"WebPage","@id":"https:\/\/www.mobles114.com\/fr\/le-design-honnete-de-la-lampe-fil\/","url":"https:\/\/www.mobles114.com\/fr\/le-design-honnete-de-la-lampe-fil\/","name":"Le design honn\u00eate de la lampe Fil \u2013 Actualit\u00e9 Mobles 114","isPartOf":{"@id":"https:\/\/www.mobles114.com\/fr\/#website"},"primaryImageOfPage":{"@id":"https:\/\/www.mobles114.com\/fr\/le-design-honnete-de-la-lampe-fil\/#primaryimage"},"image":{"@id":"https:\/\/www.mobles114.com\/fr\/le-design-honnete-de-la-lampe-fil\/#primaryimage"},"thumbnailUrl":"https:\/\/www.mobles114.com\/wp-content\/uploads\/2021\/09\/destacado-00.jpg","datePublished":"2021-09-13T07:32:36+00:00","dateModified":"2021-09-21T07:10:41+00:00","author":{"@id":"https:\/\/www.mobles114.com\/fr\/#\/schema\/person\/80910f4122aa667b5773f76410bb8c5e"},"description":"Le design honn\u00eate de la lampe Fil. Toute l'actualit\u00e9 \u00e0 Mobles 114","breadcrumb":{"@id":"https:\/\/www.mobles114.com\/fr\/le-design-honnete-de-la-lampe-fil\/#breadcrumb"},"inLanguage":"fr-FR","potentialAction":[{"@type":"ReadAction","target":["https:\/\/www.mobles114.com\/fr\/le-design-honnete-de-la-lampe-fil\/"]}]},{"@type":"ImageObject","inLanguage":"fr-FR","@id":"https:\/\/www.mobles114.com\/fr\/le-design-honnete-de-la-lampe-fil\/#primaryimage","url":"https:\/\/www.mobles114.com\/wp-content\/uploads\/2021\/09\/destacado-00.jpg","contentUrl":"https:\/\/www.mobles114.com\/wp-content\/uploads\/2021\/09\/destacado-00.jpg","width":1660,"height":1920,"caption":"dise\u00f1o l\u00e1mpara"},{"@type":"BreadcrumbList","@id":"https:\/\/www.mobles114.com\/fr\/le-design-honnete-de-la-lampe-fil\/#breadcrumb","itemListElement":[{"@type":"ListItem","position":1,"name":"Portada","item":"https:\/\/www.mobles114.com\/fr\/"},{"@type":"ListItem","position":2,"name":"Le design honn\u00eate de la lampe Fil"}]},{"@type":"WebSite","@id":"https:\/\/www.mobles114.com\/fr\/#website","url":"https:\/\/www.mobles114.com\/fr\/","name":"Mobles 114","description":"Mobiliario de dise\u00f1o","potentialAction":[{"@type":"SearchAction","target":{"@type":"EntryPoint","urlTemplate":"https:\/\/www.mobles114.com\/fr\/?s={search_term_string}"},"query-input":{"@type":"PropertyValueSpecification","valueRequired":true,"valueName":"search_term_string"}}],"inLanguage":"fr-FR"},{"@type":"Person","@id":"https:\/\/www.mobles114.com\/fr\/#\/schema\/person\/80910f4122aa667b5773f76410bb8c5e","name":"Adminmkt","image":{"@type":"ImageObject","inLanguage":"fr-FR","@id":"https:\/\/secure.gravatar.com\/avatar\/5f9b5f3dad072697560f52a7158c173c6db5254235578e2add7039249b62f497?s=96&d=mm&r=g","url":"https:\/\/secure.gravatar.com\/avatar\/5f9b5f3dad072697560f52a7158c173c6db5254235578e2add7039249b62f497?s=96&d=mm&r=g","contentUrl":"https:\/\/secure.gravatar.com\/avatar\/5f9b5f3dad072697560f52a7158c173c6db5254235578e2add7039249b62f497?s=96&d=mm&r=g","caption":"Adminmkt"}}]}},"_links":{"self":[{"href":"https:\/\/www.mobles114.com\/fr\/wp-json\/wp\/v2\/posts\/34770","targetHints":{"allow":["GET"]}}],"collection":[{"href":"https:\/\/www.mobles114.com\/fr\/wp-json\/wp\/v2\/posts"}],"about":[{"href":"https:\/\/www.mobles114.com\/fr\/wp-json\/wp\/v2\/types\/post"}],"author":[{"embeddable":true,"href":"https:\/\/www.mobles114.com\/fr\/wp-json\/wp\/v2\/users\/397"}],"replies":[{"embeddable":true,"href":"https:\/\/www.mobles114.com\/fr\/wp-json\/wp\/v2\/comments?post=34770"}],"version-history":[{"count":8,"href":"https:\/\/www.mobles114.com\/fr\/wp-json\/wp\/v2\/posts\/34770\/revisions"}],"predecessor-version":[{"id":34988,"href":"https:\/\/www.mobles114.com\/fr\/wp-json\/wp\/v2\/posts\/34770\/revisions\/34988"}],"wp:featuredmedia":[{"embeddable":true,"href":"https:\/\/www.mobles114.com\/fr\/wp-json\/wp\/v2\/media\/34683"}],"wp:attachment":[{"href":"https:\/\/www.mobles114.com\/fr\/wp-json\/wp\/v2\/media?parent=34770"}],"wp:term":[{"taxonomy":"category","embeddable":true,"href":"https:\/\/www.mobles114.com\/fr\/wp-json\/wp\/v2\/categories?post=34770"},{"taxonomy":"post_tag","embeddable":true,"href":"https:\/\/www.mobles114.com\/fr\/wp-json\/wp\/v2\/tags?post=34770"}],"curies":[{"name":"wp","href":"https:\/\/api.w.org\/{rel}","templated":true}]}}